{"id":5130,"date":"2021-04-25T21:50:49","date_gmt":"2021-04-25T21:50:49","guid":{"rendered":"http:\/\/itchapters.com\/france\/2021\/04\/25\/est-ce-le-temps-de-delaisser-la-formalite-pour-lagilite\/?lang=fr"},"modified":"2022-05-31T10:39:39","modified_gmt":"2022-05-31T10:39:39","slug":"est-ce-le-temps-de-delaisser-la-formalite-pour-lagilite","status":"publish","type":"post","link":"http:\/\/itchapters.com\/france\/2021\/04\/25\/est-ce-le-temps-de-delaisser-la-formalite-pour-lagilite\/","title":{"rendered":"Est-ce le temps de d\u00e9laisser la formalit\u00e9 pour l&#8217;agilit\u00e9 ?"},"content":{"rendered":"<p>Conseil TI, Formation &amp; Placement<br \/>\n<a href=\"http:\/\/itchapters.com\/blog\/\"><br \/>\n<img src=\"http:\/\/itchapters.com\/wp-content\/uploads\/2020\/11\/logo-1024x724.png\" sizes=\"(max-width: 800px) 100vw, 800px\" srcset=\"http:\/\/itchapters.com\/wp-content\/uploads\/2020\/11\/logo-1024x724.png 1024w, http:\/\/itchapters.com\/wp-content\/uploads\/2020\/11\/logo-300x212.png 300w, http:\/\/itchapters.com\/wp-content\/uploads\/2020\/11\/logo-768x543.png 768w, http:\/\/itchapters.com\/wp-content\/uploads\/2020\/11\/logo-1536x1087.png 1536w, http:\/\/itchapters.com\/wp-content\/uploads\/2020\/11\/logo.png 1880w\" alt=\"\" width=\"800\" height=\"566\"> <\/a><\/p>\n<h2><a href=\"http:\/\/itchapters.com\/it-training\/itil-training\/\">2 novembre, 2020 | Gestion des services<\/a><\/h2>\n<p>Est-ce le temps de d\u00e9laisser la formalit\u00e9 pour l&#8217;agilit\u00e9 ? C&#8217;est la question qui a \u00e9t\u00e9 r\u00e9pondue lors du webinaire qui a eu lieu le 13 octobre 2020. Nous vous invitons \u00e0 visionner l&#8217;enregistrement pour d\u00e9couvrir les bases fondamentales de la pratique et leur application concr\u00e8te sur le terrain. Pr\u00e9sent\u00e9 en collaboration par IT Chapter et C2 Enterprise, nos experts sont Martine St-Hilaire et Olivier Ab\u00e9cassis.https:\/\/youtu.be\/FAFSjzYBZM0<\/p>\n<h4>PARTAGER CE POST<\/h4>\n<p>Share on facebook<br \/>\nShare on google<br \/>\nShare on twitter<br \/>\nShare on linkedin<br \/>\nShare on pinterest<br \/>\nShare on print<br \/>\nShare on email<\/p>\n","protected":false},"excerpt":{"rendered":"<p>Conseil TI, Formation &amp; Placement 2 novembre, 2020 | Gestion des services Est-ce le temps de d\u00e9laisser la formalit\u00e9 pour l&#8217;agilit\u00e9 ? C&#8217;est la question qui a \u00e9t\u00e9 r\u00e9pondue lors du webinaire qui a eu lieu le 13 octobre 2020. Nous vous invitons \u00e0 visionner l&#8217;enregistrement pour d\u00e9couvrir les bases fondamentales de la pratique et [&hellip;]<\/p>\n","protected":false},"author":9,"featured_media":5166,"comment_status":"open","ping_status":"open","sticky":false,"template":"","format":"standard","meta":[],"categories":[19],"tags":[30,33],"yoast_head":"<!-- This site is optimized with the Yoast SEO Premium plugin v17.4 (Yoast SEO v18.6) - https:\/\/yoast.com\/wordpress\/plugins\/seo\/ -->\n<title>Est-ce le temps de d\u00e9laisser la formalit\u00e9 pour l&#039;agilit\u00e9 ? - Itchapter - France<\/title>\n<meta name=\"robots\" content=\"noindex, follow, max-snippet:-1, max-image-preview:large, max-video-preview:-1\" \/>\n<meta property=\"og:locale\" content=\"en_US\" \/>\n<meta property=\"og:type\" content=\"article\" \/>\n<meta property=\"og:title\" content=\"Est-ce le temps de d\u00e9laisser la formalit\u00e9 pour l&#039;agilit\u00e9 ?\" \/>\n<meta property=\"og:description\" content=\"Conseil TI, Formation &amp; Placement 2 novembre, 2020 | Gestion des services Est-ce le temps de d\u00e9laisser la formalit\u00e9 pour l&#8217;agilit\u00e9 ? C&#8217;est la question qui a \u00e9t\u00e9 r\u00e9pondue lors du webinaire qui a eu lieu le 13 octobre 2020. Nous vous invitons \u00e0 visionner l&#8217;enregistrement pour d\u00e9couvrir les bases fondamentales de la pratique et [&hellip;]\" \/>\n<meta property=\"og:url\" content=\"http:\/\/itchapters.com\/france\/?p=5130\" \/>\n<meta property=\"og:site_name\" content=\"Itchapter - France\" \/>\n<meta property=\"article:published_time\" content=\"2021-04-25T21:50:49+00:00\" \/>\n<meta property=\"article:modified_time\" content=\"2022-05-31T10:39:39+00:00\" \/>\n<meta property=\"og:image\" content=\"http:\/\/itchapters.com\/wp-content\/uploads\/2020\/11\/logo-1024x724.png\" \/>\n<meta name=\"twitter:card\" content=\"summary_large_image\" \/>\n<meta name=\"twitter:label1\" content=\"Written by\" \/>\n\t<meta name=\"twitter:data1\" content=\"tempadmin2\" \/>\n\t<meta name=\"twitter:label2\" content=\"Est. reading time\" \/>\n\t<meta name=\"twitter:data2\" content=\"1 minute\" \/>\n<script type=\"application\/ld+json\" class=\"yoast-schema-graph\">{\"@context\":\"https:\/\/schema.org\",\"@graph\":[{\"@type\":\"WebSite\",\"@id\":\"http:\/\/itchapters.com\/france\/#website\",\"url\":\"http:\/\/itchapters.com\/france\/\",\"name\":\"Itchapter - France\",\"description\":\"Just another IT CHAPTER Sites site\",\"potentialAction\":[{\"@type\":\"SearchAction\",\"target\":{\"@type\":\"EntryPoint\",\"urlTemplate\":\"http:\/\/itchapters.com\/france\/?s={search_term_string}\"},\"query-input\":\"required name=search_term_string\"}],\"inLanguage\":\"en-US\"},{\"@type\":\"ImageObject\",\"@id\":\"http:\/\/itchapters.com\/france\/?p=5130#primaryimage\",\"inLanguage\":\"en-US\",\"url\":\"http:\/\/itchapters.com\/france\/wp-content\/uploads\/sites\/5\/2022\/05\/Blog-Images-Est-ce-le-temps-de-de\u0301laisser-la-formalite\u0301-pour-lagilite\u0301.png\",\"contentUrl\":\"http:\/\/itchapters.com\/france\/wp-content\/uploads\/sites\/5\/2022\/05\/Blog-Images-Est-ce-le-temps-de-de\u0301laisser-la-formalite\u0301-pour-lagilite\u0301.png\",\"width\":1080,\"height\":1080},{\"@type\":\"WebPage\",\"@id\":\"http:\/\/itchapters.com\/france\/?p=5130#webpage\",\"url\":\"http:\/\/itchapters.com\/france\/?p=5130\",\"name\":\"Est-ce le temps de d\u00e9laisser la formalit\u00e9 pour l'agilit\u00e9 ? - Itchapter - France\",\"isPartOf\":{\"@id\":\"http:\/\/itchapters.com\/france\/#website\"},\"primaryImageOfPage\":{\"@id\":\"http:\/\/itchapters.com\/france\/?p=5130#primaryimage\"},\"datePublished\":\"2021-04-25T21:50:49+00:00\",\"dateModified\":\"2022-05-31T10:39:39+00:00\",\"author\":{\"@id\":\"http:\/\/itchapters.com\/france\/#\/schema\/person\/99e7b6bd9207d7adce3353d2f5e02109\"},\"breadcrumb\":{\"@id\":\"http:\/\/itchapters.com\/france\/?p=5130#breadcrumb\"},\"inLanguage\":\"en-US\",\"potentialAction\":[{\"@type\":\"ReadAction\",\"target\":[\"http:\/\/itchapters.com\/france\/?p=5130\"]}]},{\"@type\":\"BreadcrumbList\",\"@id\":\"http:\/\/itchapters.com\/france\/?p=5130#breadcrumb\",\"itemListElement\":[{\"@type\":\"ListItem\",\"position\":1,\"name\":\"Home\",\"item\":\"http:\/\/itchapters.com\/france\/\"},{\"@type\":\"ListItem\",\"position\":2,\"name\":\"Est-ce le temps de d\u00e9laisser la formalit\u00e9 pour l&#8217;agilit\u00e9 ?\"}]},{\"@type\":\"Person\",\"@id\":\"http:\/\/itchapters.com\/france\/#\/schema\/person\/99e7b6bd9207d7adce3353d2f5e02109\",\"name\":\"tempadmin2\",\"image\":{\"@type\":\"ImageObject\",\"@id\":\"http:\/\/itchapters.com\/france\/#personlogo\",\"inLanguage\":\"en-US\",\"url\":\"http:\/\/1.gravatar.com\/avatar\/ddcfe077a189818529897f3682c4c1a1?s=96&d=mm&r=g\",\"contentUrl\":\"http:\/\/1.gravatar.com\/avatar\/ddcfe077a189818529897f3682c4c1a1?s=96&d=mm&r=g\",\"caption\":\"tempadmin2\"},\"url\":\"http:\/\/itchapters.com\/france\/author\/tempadmin2\/\"}]}<\/script>\n<!-- \/ Yoast SEO Premium plugin. -->","yoast_head_json":{"title":"Est-ce le temps de d\u00e9laisser la formalit\u00e9 pour l'agilit\u00e9 ? - Itchapter - France","robots":{"index":"noindex","follow":"follow","max-snippet":"max-snippet:-1","max-image-preview":"max-image-preview:large","max-video-preview":"max-video-preview:-1"},"og_locale":"en_US","og_type":"article","og_title":"Est-ce le temps de d\u00e9laisser la formalit\u00e9 pour l'agilit\u00e9 ?","og_description":"Conseil TI, Formation &amp; Placement 2 novembre, 2020 | Gestion des services Est-ce le temps de d\u00e9laisser la formalit\u00e9 pour l&#8217;agilit\u00e9 ? C&#8217;est la question qui a \u00e9t\u00e9 r\u00e9pondue lors du webinaire qui a eu lieu le 13 octobre 2020. Nous vous invitons \u00e0 visionner l&#8217;enregistrement pour d\u00e9couvrir les bases fondamentales de la pratique et [&hellip;]","og_url":"http:\/\/itchapters.com\/france\/?p=5130","og_site_name":"Itchapter - France","article_published_time":"2021-04-25T21:50:49+00:00","article_modified_time":"2022-05-31T10:39:39+00:00","og_image":[{"url":"http:\/\/itchapters.com\/wp-content\/uploads\/2020\/11\/logo-1024x724.png"}],"twitter_card":"summary_large_image","twitter_misc":{"Written by":"tempadmin2","Est. reading time":"1 minute"},"schema":{"@context":"https:\/\/schema.org","@graph":[{"@type":"WebSite","@id":"http:\/\/itchapters.com\/france\/#website","url":"http:\/\/itchapters.com\/france\/","name":"Itchapter - France","description":"Just another IT CHAPTER Sites site","potentialAction":[{"@type":"SearchAction","target":{"@type":"EntryPoint","urlTemplate":"http:\/\/itchapters.com\/france\/?s={search_term_string}"},"query-input":"required name=search_term_string"}],"inLanguage":"en-US"},{"@type":"ImageObject","@id":"http:\/\/itchapters.com\/france\/?p=5130#primaryimage","inLanguage":"en-US","url":"http:\/\/itchapters.com\/france\/wp-content\/uploads\/sites\/5\/2022\/05\/Blog-Images-Est-ce-le-temps-de-de\u0301laisser-la-formalite\u0301-pour-lagilite\u0301.png","contentUrl":"http:\/\/itchapters.com\/france\/wp-content\/uploads\/sites\/5\/2022\/05\/Blog-Images-Est-ce-le-temps-de-de\u0301laisser-la-formalite\u0301-pour-lagilite\u0301.png","width":1080,"height":1080},{"@type":"WebPage","@id":"http:\/\/itchapters.com\/france\/?p=5130#webpage","url":"http:\/\/itchapters.com\/france\/?p=5130","name":"Est-ce le temps de d\u00e9laisser la formalit\u00e9 pour l'agilit\u00e9 ? - Itchapter - France","isPartOf":{"@id":"http:\/\/itchapters.com\/france\/#website"},"primaryImageOfPage":{"@id":"http:\/\/itchapters.com\/france\/?p=5130#primaryimage"},"datePublished":"2021-04-25T21:50:49+00:00","dateModified":"2022-05-31T10:39:39+00:00","author":{"@id":"http:\/\/itchapters.com\/france\/#\/schema\/person\/99e7b6bd9207d7adce3353d2f5e02109"},"breadcrumb":{"@id":"http:\/\/itchapters.com\/france\/?p=5130#breadcrumb"},"inLanguage":"en-US","potentialAction":[{"@type":"ReadAction","target":["http:\/\/itchapters.com\/france\/?p=5130"]}]},{"@type":"BreadcrumbList","@id":"http:\/\/itchapters.com\/france\/?p=5130#breadcrumb","itemListElement":[{"@type":"ListItem","position":1,"name":"Home","item":"http:\/\/itchapters.com\/france\/"},{"@type":"ListItem","position":2,"name":"Est-ce le temps de d\u00e9laisser la formalit\u00e9 pour l&#8217;agilit\u00e9 ?"}]},{"@type":"Person","@id":"http:\/\/itchapters.com\/france\/#\/schema\/person\/99e7b6bd9207d7adce3353d2f5e02109","name":"tempadmin2","image":{"@type":"ImageObject","@id":"http:\/\/itchapters.com\/france\/#personlogo","inLanguage":"en-US","url":"http:\/\/1.gravatar.com\/avatar\/ddcfe077a189818529897f3682c4c1a1?s=96&d=mm&r=g","contentUrl":"http:\/\/1.gravatar.com\/avatar\/ddcfe077a189818529897f3682c4c1a1?s=96&d=mm&r=g","caption":"tempadmin2"},"url":"http:\/\/itchapters.com\/france\/author\/tempadmin2\/"}]}},"_links":{"self":[{"href":"http:\/\/itchapters.com\/france\/wp-json\/wp\/v2\/posts\/5130"}],"collection":[{"href":"http:\/\/itchapters.com\/france\/wp-json\/wp\/v2\/posts"}],"about":[{"href":"http:\/\/itchapters.com\/france\/wp-json\/wp\/v2\/types\/post"}],"author":[{"embeddable":true,"href":"http:\/\/itchapters.com\/france\/wp-json\/wp\/v2\/users\/9"}],"replies":[{"embeddable":true,"href":"http:\/\/itchapters.com\/france\/wp-json\/wp\/v2\/comments?post=5130"}],"version-history":[{"count":1,"href":"http:\/\/itchapters.com\/france\/wp-json\/wp\/v2\/posts\/5130\/revisions"}],"predecessor-version":[{"id":5148,"href":"http:\/\/itchapters.com\/france\/wp-json\/wp\/v2\/posts\/5130\/revisions\/5148"}],"wp:featuredmedia":[{"embeddable":true,"href":"http:\/\/itchapters.com\/france\/wp-json\/wp\/v2\/media\/5166"}],"wp:attachment":[{"href":"http:\/\/itchapters.com\/france\/wp-json\/wp\/v2\/media?parent=5130"}],"wp:term":[{"taxonomy":"category","embeddable":true,"href":"http:\/\/itchapters.com\/france\/wp-json\/wp\/v2\/categories?post=5130"},{"taxonomy":"post_tag","embeddable":true,"href":"http:\/\/itchapters.com\/france\/wp-json\/wp\/v2\/tags?post=5130"}],"curies":[{"name":"wp","href":"https:\/\/api.w.org\/{rel}","templated":true}]}}