{"id":5127,"date":"2021-04-25T23:48:53","date_gmt":"2021-04-25T23:48:53","guid":{"rendered":"http:\/\/itchapters.com\/france\/2021\/04\/25\/combiner-la-gestion-des-agilepm-et-scrum\/?lang=fr"},"modified":"2022-05-31T10:39:32","modified_gmt":"2022-05-31T10:39:32","slug":"combiner-la-gestion-des-agilepm-et-scrum","status":"publish","type":"post","link":"http:\/\/itchapters.com\/france\/2021\/04\/25\/combiner-la-gestion-des-agilepm-et-scrum\/","title":{"rendered":"Combiner la gestion des AgilePM et Scrum"},"content":{"rendered":"<p>Conseil TI, Formation et Placement<br \/>\n<a href=\"http:\/\/itchapters.com\/blogue\/?lang=fr\"><br \/>\n<img src=\"http:\/\/itchapters.com\/wp-content\/uploads\/2020\/11\/logo-1024x724.png\" sizes=\"(max-width: 800px) 100vw, 800px\" srcset=\"http:\/\/itchapters.com\/wp-content\/uploads\/2020\/11\/logo-1024x724.png 1024w, http:\/\/itchapters.com\/wp-content\/uploads\/2020\/11\/logo-300x212.png 300w, http:\/\/itchapters.com\/wp-content\/uploads\/2020\/11\/logo-768x543.png 768w, http:\/\/itchapters.com\/wp-content\/uploads\/2020\/11\/logo-1536x1087.png 1536w, http:\/\/itchapters.com\/wp-content\/uploads\/2020\/11\/logo.png 1880w\" alt=\"\" width=\"800\" height=\"566\"> <\/a><\/p>\n<h2><a href=\"http:\/\/itchapters.com\/formation-informatique\/formation-itil\/?lang=fr\">18 d\u00e9cembre, 2020 | BRM<\/a><\/h2>\n<p>Voici l&#8217;enregistrement du webinaire portant sur les m\u00e9thodes de travail Agile les plus populaires, pr\u00e9sent\u00e9 par Beatrice Radulescu. &nbsp;Pour obtenir plus de d\u00e9tails sur ces formations, <a href=\"https:\/\/share.hsforms.com\/14fct-TM4S52Qku7jM_4IcQ3i60x\" target=\"_blank\" rel=\"noopener\">n&#8217;h\u00e9sitez pas \u00e0 nous contacter<\/a>.D\u00e9couvrez <a href=\"https:\/\/training.itchapter.com\/Web\/MyCatalog\/ViewP?pid=Zv%2fZ44kn0l5U%2b8DBmtZ41w%3d%3d&amp;id=7S8Rzyj7bQXwEro3OxzEsg%3d%3d\" target=\"_blank\" rel=\"noopener\">AgilePM Fondation<\/a> \/ <a href=\"https:\/\/training.itchapter.com\/Web\/MyCatalog\/ViewP?pid=Zv%2fZ44kn0l5U%2b8DBmtZ41w%3d%3d&amp;id=y3hGQ3EVIaAiArv4ycA4dg%3d%3d&amp;cvState=cvCat=NBY4s3gi1hzE8QwLSLdetA%253d%253d\" target=\"_blank\" rel=\"noopener\">AgilePM Praticien<\/a>https:\/\/vimeo.com\/491339791<\/p>\n<h4>Partager ce post<\/h4>\n<p>Share on facebook<br \/>\nShare on google<br \/>\nShare on twitter<br \/>\nShare on linkedin<br \/>\nShare on pinterest<br \/>\nShare on print<br \/>\nShare on email<\/p>\n","protected":false},"excerpt":{"rendered":"<p>Conseil TI, Formation et Placement 18 d\u00e9cembre, 2020 | BRM Voici l&#8217;enregistrement du webinaire portant sur les m\u00e9thodes de travail Agile les plus populaires, pr\u00e9sent\u00e9 par Beatrice Radulescu. &nbsp;Pour obtenir plus de d\u00e9tails sur ces formations, n&#8217;h\u00e9sitez pas \u00e0 nous contacter.D\u00e9couvrez AgilePM Fondation \/ AgilePM Praticienhttps:\/\/vimeo.com\/491339791 Partager ce post Share on facebook Share on google [&hellip;]<\/p>\n","protected":false},"author":9,"featured_media":5163,"comment_status":"open","ping_status":"open","sticky":false,"template":"","format":"standard","meta":[],"categories":[11],"tags":[26,30],"yoast_head":"<!-- This site is optimized with the Yoast SEO Premium plugin v17.4 (Yoast SEO v18.6) - https:\/\/yoast.com\/wordpress\/plugins\/seo\/ -->\n<title>Combiner la gestion des AgilePM et Scrum - Itchapter - France<\/title>\n<meta name=\"robots\" content=\"noindex, follow, max-snippet:-1, max-image-preview:large, max-video-preview:-1\" \/>\n<meta property=\"og:locale\" content=\"en_US\" \/>\n<meta property=\"og:type\" content=\"article\" \/>\n<meta property=\"og:title\" content=\"Combiner la gestion des AgilePM et Scrum\" \/>\n<meta property=\"og:description\" content=\"Conseil TI, Formation et Placement 18 d\u00e9cembre, 2020 | BRM Voici l&#8217;enregistrement du webinaire portant sur les m\u00e9thodes de travail Agile les plus populaires, pr\u00e9sent\u00e9 par Beatrice Radulescu. &nbsp;Pour obtenir plus de d\u00e9tails sur ces formations, n&#8217;h\u00e9sitez pas \u00e0 nous contacter.D\u00e9couvrez AgilePM Fondation \/ AgilePM Praticienhttps:\/\/vimeo.com\/491339791 Partager ce post Share on facebook Share on google [&hellip;]\" \/>\n<meta property=\"og:url\" content=\"http:\/\/itchapters.com\/france\/?p=5127\" \/>\n<meta property=\"og:site_name\" content=\"Itchapter - France\" \/>\n<meta property=\"article:published_time\" content=\"2021-04-25T23:48:53+00:00\" \/>\n<meta property=\"article:modified_time\" content=\"2022-05-31T10:39:32+00:00\" \/>\n<meta property=\"og:image\" content=\"http:\/\/itchapters.com\/wp-content\/uploads\/2020\/11\/logo-1024x724.png\" \/>\n<meta name=\"twitter:card\" content=\"summary_large_image\" \/>\n<meta name=\"twitter:label1\" content=\"Written by\" \/>\n\t<meta name=\"twitter:data1\" content=\"tempadmin2\" \/>\n<script type=\"application\/ld+json\" class=\"yoast-schema-graph\">{\"@context\":\"https:\/\/schema.org\",\"@graph\":[{\"@type\":\"WebSite\",\"@id\":\"http:\/\/itchapters.com\/france\/#website\",\"url\":\"http:\/\/itchapters.com\/france\/\",\"name\":\"Itchapter - France\",\"description\":\"Just another IT CHAPTER Sites site\",\"potentialAction\":[{\"@type\":\"SearchAction\",\"target\":{\"@type\":\"EntryPoint\",\"urlTemplate\":\"http:\/\/itchapters.com\/france\/?s={search_term_string}\"},\"query-input\":\"required name=search_term_string\"}],\"inLanguage\":\"en-US\"},{\"@type\":\"ImageObject\",\"@id\":\"http:\/\/itchapters.com\/france\/?p=5127#primaryimage\",\"inLanguage\":\"en-US\",\"url\":\"http:\/\/itchapters.com\/france\/wp-content\/uploads\/sites\/5\/2022\/05\/Blog-Images-Combiner-la-gestion-des-AgilePM-et-Scrum.png\",\"contentUrl\":\"http:\/\/itchapters.com\/france\/wp-content\/uploads\/sites\/5\/2022\/05\/Blog-Images-Combiner-la-gestion-des-AgilePM-et-Scrum.png\",\"width\":1080,\"height\":1080},{\"@type\":\"WebPage\",\"@id\":\"http:\/\/itchapters.com\/france\/?p=5127#webpage\",\"url\":\"http:\/\/itchapters.com\/france\/?p=5127\",\"name\":\"Combiner la gestion des AgilePM et Scrum - Itchapter - France\",\"isPartOf\":{\"@id\":\"http:\/\/itchapters.com\/france\/#website\"},\"primaryImageOfPage\":{\"@id\":\"http:\/\/itchapters.com\/france\/?p=5127#primaryimage\"},\"datePublished\":\"2021-04-25T23:48:53+00:00\",\"dateModified\":\"2022-05-31T10:39:32+00:00\",\"author\":{\"@id\":\"http:\/\/itchapters.com\/france\/#\/schema\/person\/99e7b6bd9207d7adce3353d2f5e02109\"},\"breadcrumb\":{\"@id\":\"http:\/\/itchapters.com\/france\/?p=5127#breadcrumb\"},\"inLanguage\":\"en-US\",\"potentialAction\":[{\"@type\":\"ReadAction\",\"target\":[\"http:\/\/itchapters.com\/france\/?p=5127\"]}]},{\"@type\":\"BreadcrumbList\",\"@id\":\"http:\/\/itchapters.com\/france\/?p=5127#breadcrumb\",\"itemListElement\":[{\"@type\":\"ListItem\",\"position\":1,\"name\":\"Home\",\"item\":\"http:\/\/itchapters.com\/france\/\"},{\"@type\":\"ListItem\",\"position\":2,\"name\":\"Combiner la gestion des AgilePM et Scrum\"}]},{\"@type\":\"Person\",\"@id\":\"http:\/\/itchapters.com\/france\/#\/schema\/person\/99e7b6bd9207d7adce3353d2f5e02109\",\"name\":\"tempadmin2\",\"image\":{\"@type\":\"ImageObject\",\"@id\":\"http:\/\/itchapters.com\/france\/#personlogo\",\"inLanguage\":\"en-US\",\"url\":\"http:\/\/1.gravatar.com\/avatar\/ddcfe077a189818529897f3682c4c1a1?s=96&d=mm&r=g\",\"contentUrl\":\"http:\/\/1.gravatar.com\/avatar\/ddcfe077a189818529897f3682c4c1a1?s=96&d=mm&r=g\",\"caption\":\"tempadmin2\"},\"url\":\"http:\/\/itchapters.com\/france\/author\/tempadmin2\/\"}]}<\/script>\n<!-- \/ Yoast SEO Premium plugin. -->","yoast_head_json":{"title":"Combiner la gestion des AgilePM et Scrum - Itchapter - France","robots":{"index":"noindex","follow":"follow","max-snippet":"max-snippet:-1","max-image-preview":"max-image-preview:large","max-video-preview":"max-video-preview:-1"},"og_locale":"en_US","og_type":"article","og_title":"Combiner la gestion des AgilePM et Scrum","og_description":"Conseil TI, Formation et Placement 18 d\u00e9cembre, 2020 | BRM Voici l&#8217;enregistrement du webinaire portant sur les m\u00e9thodes de travail Agile les plus populaires, pr\u00e9sent\u00e9 par Beatrice Radulescu. &nbsp;Pour obtenir plus de d\u00e9tails sur ces formations, n&#8217;h\u00e9sitez pas \u00e0 nous contacter.D\u00e9couvrez AgilePM Fondation \/ AgilePM Praticienhttps:\/\/vimeo.com\/491339791 Partager ce post Share on facebook Share on google [&hellip;]","og_url":"http:\/\/itchapters.com\/france\/?p=5127","og_site_name":"Itchapter - France","article_published_time":"2021-04-25T23:48:53+00:00","article_modified_time":"2022-05-31T10:39:32+00:00","og_image":[{"url":"http:\/\/itchapters.com\/wp-content\/uploads\/2020\/11\/logo-1024x724.png"}],"twitter_card":"summary_large_image","twitter_misc":{"Written by":"tempadmin2"},"schema":{"@context":"https:\/\/schema.org","@graph":[{"@type":"WebSite","@id":"http:\/\/itchapters.com\/france\/#website","url":"http:\/\/itchapters.com\/france\/","name":"Itchapter - France","description":"Just another IT CHAPTER Sites site","potentialAction":[{"@type":"SearchAction","target":{"@type":"EntryPoint","urlTemplate":"http:\/\/itchapters.com\/france\/?s={search_term_string}"},"query-input":"required name=search_term_string"}],"inLanguage":"en-US"},{"@type":"ImageObject","@id":"http:\/\/itchapters.com\/france\/?p=5127#primaryimage","inLanguage":"en-US","url":"http:\/\/itchapters.com\/france\/wp-content\/uploads\/sites\/5\/2022\/05\/Blog-Images-Combiner-la-gestion-des-AgilePM-et-Scrum.png","contentUrl":"http:\/\/itchapters.com\/france\/wp-content\/uploads\/sites\/5\/2022\/05\/Blog-Images-Combiner-la-gestion-des-AgilePM-et-Scrum.png","width":1080,"height":1080},{"@type":"WebPage","@id":"http:\/\/itchapters.com\/france\/?p=5127#webpage","url":"http:\/\/itchapters.com\/france\/?p=5127","name":"Combiner la gestion des AgilePM et Scrum - Itchapter - France","isPartOf":{"@id":"http:\/\/itchapters.com\/france\/#website"},"primaryImageOfPage":{"@id":"http:\/\/itchapters.com\/france\/?p=5127#primaryimage"},"datePublished":"2021-04-25T23:48:53+00:00","dateModified":"2022-05-31T10:39:32+00:00","author":{"@id":"http:\/\/itchapters.com\/france\/#\/schema\/person\/99e7b6bd9207d7adce3353d2f5e02109"},"breadcrumb":{"@id":"http:\/\/itchapters.com\/france\/?p=5127#breadcrumb"},"inLanguage":"en-US","potentialAction":[{"@type":"ReadAction","target":["http:\/\/itchapters.com\/france\/?p=5127"]}]},{"@type":"BreadcrumbList","@id":"http:\/\/itchapters.com\/france\/?p=5127#breadcrumb","itemListElement":[{"@type":"ListItem","position":1,"name":"Home","item":"http:\/\/itchapters.com\/france\/"},{"@type":"ListItem","position":2,"name":"Combiner la gestion des AgilePM et Scrum"}]},{"@type":"Person","@id":"http:\/\/itchapters.com\/france\/#\/schema\/person\/99e7b6bd9207d7adce3353d2f5e02109","name":"tempadmin2","image":{"@type":"ImageObject","@id":"http:\/\/itchapters.com\/france\/#personlogo","inLanguage":"en-US","url":"http:\/\/1.gravatar.com\/avatar\/ddcfe077a189818529897f3682c4c1a1?s=96&d=mm&r=g","contentUrl":"http:\/\/1.gravatar.com\/avatar\/ddcfe077a189818529897f3682c4c1a1?s=96&d=mm&r=g","caption":"tempadmin2"},"url":"http:\/\/itchapters.com\/france\/author\/tempadmin2\/"}]}},"_links":{"self":[{"href":"http:\/\/itchapters.com\/france\/wp-json\/wp\/v2\/posts\/5127"}],"collection":[{"href":"http:\/\/itchapters.com\/france\/wp-json\/wp\/v2\/posts"}],"about":[{"href":"http:\/\/itchapters.com\/france\/wp-json\/wp\/v2\/types\/post"}],"author":[{"embeddable":true,"href":"http:\/\/itchapters.com\/france\/wp-json\/wp\/v2\/users\/9"}],"replies":[{"embeddable":true,"href":"http:\/\/itchapters.com\/france\/wp-json\/wp\/v2\/comments?post=5127"}],"version-history":[{"count":1,"href":"http:\/\/itchapters.com\/france\/wp-json\/wp\/v2\/posts\/5127\/revisions"}],"predecessor-version":[{"id":5145,"href":"http:\/\/itchapters.com\/france\/wp-json\/wp\/v2\/posts\/5127\/revisions\/5145"}],"wp:featuredmedia":[{"embeddable":true,"href":"http:\/\/itchapters.com\/france\/wp-json\/wp\/v2\/media\/5163"}],"wp:attachment":[{"href":"http:\/\/itchapters.com\/france\/wp-json\/wp\/v2\/media?parent=5127"}],"wp:term":[{"taxonomy":"category","embeddable":true,"href":"http:\/\/itchapters.com\/france\/wp-json\/wp\/v2\/categories?post=5127"},{"taxonomy":"post_tag","embeddable":true,"href":"http:\/\/itchapters.com\/france\/wp-json\/wp\/v2\/tags?post=5127"}],"curies":[{"name":"wp","href":"https:\/\/api.w.org\/{rel}","templated":true}]}}