{"id":5124,"date":"2021-04-26T00:33:05","date_gmt":"2021-04-26T00:33:05","guid":{"rendered":"http:\/\/itchapters.com\/france\/2021\/04\/26\/le-temps-presse-les-derniers-details-sur-larret-officiel-ditil-v3\/?lang=fr"},"modified":"2022-05-31T10:39:24","modified_gmt":"2022-05-31T10:39:24","slug":"le-temps-presse-les-derniers-details-sur-larret-officiel-ditil-v3","status":"publish","type":"post","link":"http:\/\/itchapters.com\/france\/2021\/04\/26\/le-temps-presse-les-derniers-details-sur-larret-officiel-ditil-v3\/","title":{"rendered":"Le temps presse, les derniers d\u00e9tails sur l\u2019arr\u00eat officiel d&#8217;ITIL\u00ae V3"},"content":{"rendered":"<p>Conseil TI, Formation &amp; Placement<br \/>\n<a href=\"http:\/\/itchapters.com\/blogue\/?lang=fr\"><br \/>\n<img width=\"800\" height=\"566\" src=\"http:\/\/itchapters.com\/wp-content\/uploads\/2020\/11\/logo-1024x724.png\" alt=\"\" loading=\"lazy\" srcset=\"http:\/\/itchapters.com\/wp-content\/uploads\/2020\/11\/logo-1024x724.png 1024w, http:\/\/itchapters.com\/wp-content\/uploads\/2020\/11\/logo-300x212.png 300w, http:\/\/itchapters.com\/wp-content\/uploads\/2020\/11\/logo-768x543.png 768w, http:\/\/itchapters.com\/wp-content\/uploads\/2020\/11\/logo-1536x1087.png 1536w, http:\/\/itchapters.com\/wp-content\/uploads\/2020\/11\/logo.png 1880w\" sizes=\"(max-width: 800px) 100vw, 800px\">\t\t\t\t\t\t\t\t<\/a><\/p>\n<h2><a href=\"http:\/\/itchapters.com\/formation-informatique\/formation-itil\/?lang=fr\">15 janvier, 2021 | ITIL<\/a><\/h2>\n<p>Depuis le lancement du nouveau cadre ITIL\u00ae 4 (plus si nouveau que \u00e7a !) en 2019, les professionnels de l&#8217;informatique ont fait la transition ou mis \u00e0 jour leurs comp\u00e9tences pour suivre le dernier sch\u00e9ma. Jusqu&#8217;\u00e0 pr\u00e9sent, les certifications ITIL\u00ae v3 n&#8217;ont pas \u00e9t\u00e9 retir\u00e9es et pour certaines personnes, la poursuite de cette voie \u00e9tait favorable \u00e0 l&#8217;objectif ultime de transition vers ITIL\u00ae 4. Cependant, Axelos a annonc\u00e9 le calendrier officiel de retrait des cours de certification ITIL\u00ae v3. Par ailleurs, le module ITIL 4 Managing Professional Transition, actuellement utilis\u00e9 par les professionnels pour la mise \u00e0 jour de l&#8217;ancien vers le nouveau cadre (bridge), sera \u00e9galement retir\u00e9.<br \/>\nCes deux \u00e9v\u00e9nements peuvent avoir de nombreuses r\u00e9percussions sur votre parcours ITIL et nous pensons qu&#8217;il est important de prendre un moment et de lire ce qui suit pour comprendre comment cela affecte votre situation personnelle. Nous voulons \u00e9galement insister sur le fait que les comp\u00e9tences et les connaissances acquises gr\u00e2ce \u00e0 ITIL\u00ae v3 restent pr\u00e9cieuses et reconnues. Il y a clairement des diff\u00e9rences entre les deux cadres mais ITIL\u00ae 4 est une avanc\u00e9e qui a \u00e9t\u00e9 construite sur le corpus existant de connaissances d\u2019 ITIL (ITIL\u00ae v3), donc elle reste pertinente.<br \/>\nQue faut-il faire maintenant ? Eh bien, cela ne peut que d\u00e9pendre de vos objectifs et de votre position actuelle dans le sch\u00e9ma ITIL\u00ae v3.<\/p>\n<h2>Voici ce que vous devez savoir et les dates \u00e0 retenir<\/h2>\n<p>Le 30 juin 2021 : Axelos retirera la formation de niveau Fondation ITIL\u00ae v3.Cette formation a d\u00e9j\u00e0 \u00e9t\u00e9 retir\u00e9e du catalogue des cours d\u2019IT Chapter, mais nous pouvons vous fournir le format en E-learning, \u00e0 votre rythme, si n\u00e9cessaire (contactez-nous pour plus de d\u00e9tails).Cependant, si vous commencez tout juste votre parcours ITIL, nous vous recommandons de commencer d\u00e8s maintenant avec le nouveau cadre pour obtenir la certification ITIL\u00ae 4 Fondation. Cette option est disponible sous la forme d&#8217;une formation en ligne avec instructeur ou en E-Learning, \u00e0 son propre rythme et est propos\u00e9e en anglais et en fran\u00e7ais.Le 31 d\u00e9cembre 2021 : Axelos retirera les formations interm\u00e9diaires de certification ITIL\u00ae v3.Tout comme ITIL\u00ae v3 Fondation, nous continuerons \u00e0 fournir le format en E-Learning, \u00e0 rythme libre, si n\u00e9cessaire (contactez-nous pour plus de d\u00e9tails).Les formations qui seront retir\u00e9es des modules du cycle de vie des services sont les suivantes :<\/p>\n<ul data-offset-key=\"e2dvh-0-0\">\n<li data-block=\"true\" data-editor=\"editor\" data-offset-key=\"e2dvh-0-0\">ITIL Service Strategy (SS)<\/li>\n<li data-block=\"true\" data-editor=\"editor\" data-offset-key=\"e2jlg-0-0\">ITIL Service Design (SD)<\/li>\n<li data-block=\"true\" data-editor=\"editor\" data-offset-key=\"9epb5-0-0\">ITIL Service Transition (ST)<\/li>\n<li data-block=\"true\" data-editor=\"editor\" data-offset-key=\"4occc-0-0\">ITIL Service Operation (SO)<\/li>\n<li data-block=\"true\" data-editor=\"editor\" data-offset-key=\"t24b-0-0\">ITIL Continual Service Improvement (CSI)<\/li>\n<\/ul>\n<p>Les formations \u00e0 retirer des modules de capacit\u00e9 de service sont les suivantes :<\/p>\n<ul data-offset-key=\"fj4q1-0-0\">\n<li data-block=\"true\" data-editor=\"editor\" data-offset-key=\"fj4q1-0-0\">ITIL Offres et accords de services (SOA)<\/li>\n<li data-block=\"true\" data-editor=\"editor\" data-offset-key=\"4s53t-0-0\">ITIL Planification, protection et optimisation (PPO)<\/li>\n<li data-block=\"true\" data-editor=\"editor\" data-offset-key=\"2isth-0-0\">ITIL Mise en production, contr\u00f4le et validation (RCV)<\/li>\n<li data-block=\"true\" data-editor=\"editor\" data-offset-key=\"ace8v-0-0\">ITIL Support et analyse op\u00e9rationnels (OSA)<\/li>\n<\/ul>\n<p>Le 30 juin 2022 : Axelos retirera le module <a href=\"https:\/\/training.itchapter.com\/Web\/MyCatalog\/ViewP?pid=Zv%2fZ44kn0l5U%2b8DBmtZ41w%3d%3d&amp;id=zc85gAE8xpJMSvTCr9pVSw%3d%3d\" target=\"_blank\" rel=\"noopener\">ITIL\u00ae 4 Managing Professional Transition<\/a>Cette formation sert de passerelle d&#8217;un cadre \u00e0 l&#8217;autre. Cependant, il y a quelques pr\u00e9-requis \u00e0 ce module. Selon l&#8217;\u00e9tape o\u00f9 vous vous trouvez dans votre parcours ITIL\u00ae v3, vous avez besoin d&#8217;un minimum de 17 cr\u00e9dits ITIL\u00ae v3 ou de 15 cr\u00e9dits ITIL\u00ae v3 avec la certification ITIL\u00ae 4 Fondation.<\/p>\n<h2>Il est temps de planifier&#8230;<\/h2>\n<p>\u00c0 la lumi\u00e8re de tous les d\u00e9tails ci-dessus, il est temps de commencer \u00e0 planifier l&#8217;avenir de votre cheminement vers ITIL. Si la sp\u00e9cialisation ITIL\u00ae v3 est votre objectif et que vous n&#8217;avez pas la certification de niveau Fondation, assurez-vous de la compl\u00e9ter avant le 30 juin 2021. Vous aurez alors jusqu&#8217;au 31 d\u00e9cembre 2021 pour r\u00e9ussir votre formation de sp\u00e9cialisation. Diff\u00e9rentes raisons pourraient motiver votre d\u00e9cision de suivre la voie d\u2019 ITIL\u00ae v3, mais n&#8217;oubliez pas que ITIL\u00ae 4 offre des versions similaires et mises \u00e0 jour des sp\u00e9cialisations de ITIL\u00ae v3 dans le volet &#8221; Gestion professionnelle &#8221; d&#8217; ITIL\u00ae 4.<br \/>\nD&#8217;autre part, si vous \u00eates d\u00e9j\u00e0 un expert ITIL\u00ae v3 ou si vous aspirez \u00e0 l&#8217;\u00eatre \u00e0 court terme, vous pouvez compl\u00e9ter le module de transition vers ITIL\u00ae 4 qui sera retir\u00e9 en 2022. Comme mentionn\u00e9 pr\u00e9c\u00e9demment, vous devrez vous assurer que vous avez les pr\u00e9-requis en ce qui concerne les cr\u00e9dits accumul\u00e9s. Le cours de transition couvre les \u00e9l\u00e9ments de base des modules suivants :<\/p>\n<ul data-offset-key=\"d2v4p-0-0\">\n<li data-block=\"true\" data-editor=\"editor\" data-offset-key=\"d2v4p-0-0\">\n<a href=\"https:\/\/training.itchapter.com\/Web\/MyCatalog\/ViewP?pid=Zv%2fZ44kn0l5U%2b8DBmtZ41w%3d%3d&amp;id=DOCATrcNRIZ%2bSjVSkdZmkQ%3d%3d\" target=\"_blank\" rel=\"noopener\">ITIL\u00ae 4 Specialiste: Cr\u00e9er, D\u00e9livrer et Soutenir<\/a> (CDS)<\/li>\n<li data-block=\"true\" data-editor=\"editor\" data-offset-key=\"7vps1-0-0\">\n<a href=\"https:\/\/training.itchapter.com\/Web\/MyCatalog\/ViewP?pid=Zv%2fZ44kn0l5U%2b8DBmtZ41w%3d%3d&amp;id=1s23COc%2fPvgE2px%2b6Q7Vwg%3d%3d\" target=\"_blank\" rel=\"noopener\">ITIL\u00ae 4 Specialiste: G\u00e9n\u00e9rer de la valeur pour les parties prenantes<\/a> (DSV)<\/li>\n<li data-block=\"true\" data-editor=\"editor\" data-offset-key=\"chvg6-0-0\">\n<a href=\"https:\/\/training.itchapter.com\/Web\/MyCatalog\/ViewP?pid=Zv%2fZ44kn0l5U%2b8DBmtZ41w%3d%3d&amp;id=ZI2ngVF0FVEfLmmkO%2bVOOA%3d%3d\" target=\"_blank\" rel=\"noopener\">ITIL\u00ae 4 Specialiste: Informatique \u00e0 Haute V\u00e9locit\u00e9 (HVIT<\/a>)<\/li>\n<li data-block=\"true\" data-editor=\"editor\" data-offset-key=\"51o9j-0-0\">\n<a href=\"https:\/\/training.itchapter.com\/Web\/MyCatalog\/ViewP?pid=Zv%2fZ44kn0l5U%2b8DBmtZ41w%3d%3d&amp;id=%2f7DE1rWj0geoEXoJiMWtbA%3d%3d\" target=\"_blank\" rel=\"noopener\">ITIL\u00ae 4 Strategiste: Guider, Planifier et Am\u00e9liorer<\/a> (DPI)<\/li>\n<li data-block=\"true\" data-editor=\"editor\" data-offset-key=\"5gtvv-0-0\">\n<a href=\"https:\/\/training.itchapter.com\/Web\/MyCatalog\/ViewP?pid=Zv%2fZ44kn0l5U%2b8DBmtZ41w%3d%3d&amp;id=IJORZ0%2b8sSBtDazomDtmyg%3d%3d\" target=\"_blank\" rel=\"noopener\">ITIL\u00ae 4 Fondation<\/a><\/li>\n<\/ul>\n<p>En fin de compte, l&#8217;int\u00e9r\u00eat de compl\u00e9ter ITIL\u00ae 4 Gestion de la transition professionnelle avant son retrait, est qu&#8217;il vous permettra de contourner les fondements d&#8217;ITIL 4 et les quatre niveaux avanc\u00e9s, vous menant directement \u00e0 votre nouvelle d\u00e9signation de professionnel de la gestion.<br \/>\nPour conclure, n&#8217;oubliez pas les dates mentionn\u00e9es ci-dessus afin d&#8217;atteindre vos objectifs de certification. Si vous avez besoin de plus de d\u00e9tails ou d&#8217;informations suppl\u00e9mentaires sur les formations, que ce soit ITIL\u00ae v3 ou ITIL\u00ae 4, n&#8217;h\u00e9sitez pas \u00e0 nous le faire savoir. Nous pouvons vous fournir des informations actualis\u00e9es et toutes les ressources dont vous avez besoin pour compl\u00e9ter votre parcours d&#8217;apprentissage.<\/p>\n<h4>Partager ce post<\/h4>\n<p>Partager sur facebook<br \/>\nPartager sur google<br \/>\nPartager sur twitter<br \/>\nPartager sur linkedin<br \/>\nPartager sur pinterest<br \/>\nPartager sur print<br \/>\nPartager sur email<\/p>\n","protected":false},"excerpt":{"rendered":"<p>Conseil TI, Formation &amp; Placement 15 janvier, 2021 | ITIL Depuis le lancement du nouveau cadre ITIL\u00ae 4 (plus si nouveau que \u00e7a !) en 2019, les professionnels de l&#8217;informatique ont fait la transition ou mis \u00e0 jour leurs comp\u00e9tences pour suivre le dernier sch\u00e9ma. Jusqu&#8217;\u00e0 pr\u00e9sent, les certifications ITIL\u00ae v3 n&#8217;ont pas \u00e9t\u00e9 retir\u00e9es [&hellip;]<\/p>\n","protected":false},"author":9,"featured_media":5160,"comment_status":"open","ping_status":"open","sticky":false,"template":"","format":"standard","meta":[],"categories":[14,19],"tags":[30,32],"yoast_head":"<!-- This site is optimized with the Yoast SEO Premium plugin v17.4 (Yoast SEO v18.6) - https:\/\/yoast.com\/wordpress\/plugins\/seo\/ -->\n<title>Le temps presse, les derniers d\u00e9tails sur l\u2019arr\u00eat officiel d&#039;ITIL\u00ae V3 - Itchapter - France<\/title>\n<meta name=\"robots\" content=\"noindex, follow, max-snippet:-1, max-image-preview:large, max-video-preview:-1\" \/>\n<meta property=\"og:locale\" content=\"en_US\" \/>\n<meta property=\"og:type\" content=\"article\" \/>\n<meta property=\"og:title\" content=\"Le temps presse, les derniers d\u00e9tails sur l\u2019arr\u00eat officiel d&#039;ITIL\u00ae V3\" \/>\n<meta property=\"og:description\" content=\"Conseil TI, Formation &amp; Placement 15 janvier, 2021 | ITIL Depuis le lancement du nouveau cadre ITIL\u00ae 4 (plus si nouveau que \u00e7a !) en 2019, les professionnels de l&#8217;informatique ont fait la transition ou mis \u00e0 jour leurs comp\u00e9tences pour suivre le dernier sch\u00e9ma. Jusqu&#8217;\u00e0 pr\u00e9sent, les certifications ITIL\u00ae v3 n&#8217;ont pas \u00e9t\u00e9 retir\u00e9es [&hellip;]\" \/>\n<meta property=\"og:url\" content=\"http:\/\/itchapters.com\/france\/?p=5124\" \/>\n<meta property=\"og:site_name\" content=\"Itchapter - France\" \/>\n<meta property=\"article:published_time\" content=\"2021-04-26T00:33:05+00:00\" \/>\n<meta property=\"article:modified_time\" content=\"2022-05-31T10:39:24+00:00\" \/>\n<meta property=\"og:image\" content=\"http:\/\/itchapters.com\/wp-content\/uploads\/2020\/11\/logo-1024x724.png\" \/>\n<meta name=\"twitter:card\" content=\"summary_large_image\" \/>\n<meta name=\"twitter:label1\" content=\"Written by\" \/>\n\t<meta name=\"twitter:data1\" content=\"tempadmin2\" \/>\n\t<meta name=\"twitter:label2\" content=\"Est. reading time\" \/>\n\t<meta name=\"twitter:data2\" content=\"4 minutes\" \/>\n<script type=\"application\/ld+json\" class=\"yoast-schema-graph\">{\"@context\":\"https:\/\/schema.org\",\"@graph\":[{\"@type\":\"WebSite\",\"@id\":\"http:\/\/itchapters.com\/france\/#website\",\"url\":\"http:\/\/itchapters.com\/france\/\",\"name\":\"Itchapter - France\",\"description\":\"Just another IT CHAPTER Sites site\",\"potentialAction\":[{\"@type\":\"SearchAction\",\"target\":{\"@type\":\"EntryPoint\",\"urlTemplate\":\"http:\/\/itchapters.com\/france\/?s={search_term_string}\"},\"query-input\":\"required name=search_term_string\"}],\"inLanguage\":\"en-US\"},{\"@type\":\"ImageObject\",\"@id\":\"http:\/\/itchapters.com\/france\/?p=5124#primaryimage\",\"inLanguage\":\"en-US\",\"url\":\"http:\/\/itchapters.com\/france\/wp-content\/uploads\/sites\/5\/2022\/05\/Blog-Images-ITIL.png\",\"contentUrl\":\"http:\/\/itchapters.com\/france\/wp-content\/uploads\/sites\/5\/2022\/05\/Blog-Images-ITIL.png\",\"width\":1080,\"height\":1080},{\"@type\":\"WebPage\",\"@id\":\"http:\/\/itchapters.com\/france\/?p=5124#webpage\",\"url\":\"http:\/\/itchapters.com\/france\/?p=5124\",\"name\":\"Le temps presse, les derniers d\u00e9tails sur l\u2019arr\u00eat officiel d'ITIL\u00ae V3 - Itchapter - France\",\"isPartOf\":{\"@id\":\"http:\/\/itchapters.com\/france\/#website\"},\"primaryImageOfPage\":{\"@id\":\"http:\/\/itchapters.com\/france\/?p=5124#primaryimage\"},\"datePublished\":\"2021-04-26T00:33:05+00:00\",\"dateModified\":\"2022-05-31T10:39:24+00:00\",\"author\":{\"@id\":\"http:\/\/itchapters.com\/france\/#\/schema\/person\/99e7b6bd9207d7adce3353d2f5e02109\"},\"breadcrumb\":{\"@id\":\"http:\/\/itchapters.com\/france\/?p=5124#breadcrumb\"},\"inLanguage\":\"en-US\",\"potentialAction\":[{\"@type\":\"ReadAction\",\"target\":[\"http:\/\/itchapters.com\/france\/?p=5124\"]}]},{\"@type\":\"BreadcrumbList\",\"@id\":\"http:\/\/itchapters.com\/france\/?p=5124#breadcrumb\",\"itemListElement\":[{\"@type\":\"ListItem\",\"position\":1,\"name\":\"Home\",\"item\":\"http:\/\/itchapters.com\/france\/\"},{\"@type\":\"ListItem\",\"position\":2,\"name\":\"Le temps presse, les derniers d\u00e9tails sur l\u2019arr\u00eat officiel d&#8217;ITIL\u00ae V3\"}]},{\"@type\":\"Person\",\"@id\":\"http:\/\/itchapters.com\/france\/#\/schema\/person\/99e7b6bd9207d7adce3353d2f5e02109\",\"name\":\"tempadmin2\",\"image\":{\"@type\":\"ImageObject\",\"@id\":\"http:\/\/itchapters.com\/france\/#personlogo\",\"inLanguage\":\"en-US\",\"url\":\"http:\/\/1.gravatar.com\/avatar\/ddcfe077a189818529897f3682c4c1a1?s=96&d=mm&r=g\",\"contentUrl\":\"http:\/\/1.gravatar.com\/avatar\/ddcfe077a189818529897f3682c4c1a1?s=96&d=mm&r=g\",\"caption\":\"tempadmin2\"},\"url\":\"http:\/\/itchapters.com\/france\/author\/tempadmin2\/\"}]}<\/script>\n<!-- \/ Yoast SEO Premium plugin. -->","yoast_head_json":{"title":"Le temps presse, les derniers d\u00e9tails sur l\u2019arr\u00eat officiel d'ITIL\u00ae V3 - Itchapter - France","robots":{"index":"noindex","follow":"follow","max-snippet":"max-snippet:-1","max-image-preview":"max-image-preview:large","max-video-preview":"max-video-preview:-1"},"og_locale":"en_US","og_type":"article","og_title":"Le temps presse, les derniers d\u00e9tails sur l\u2019arr\u00eat officiel d'ITIL\u00ae V3","og_description":"Conseil TI, Formation &amp; Placement 15 janvier, 2021 | ITIL Depuis le lancement du nouveau cadre ITIL\u00ae 4 (plus si nouveau que \u00e7a !) en 2019, les professionnels de l&#8217;informatique ont fait la transition ou mis \u00e0 jour leurs comp\u00e9tences pour suivre le dernier sch\u00e9ma. Jusqu&#8217;\u00e0 pr\u00e9sent, les certifications ITIL\u00ae v3 n&#8217;ont pas \u00e9t\u00e9 retir\u00e9es [&hellip;]","og_url":"http:\/\/itchapters.com\/france\/?p=5124","og_site_name":"Itchapter - France","article_published_time":"2021-04-26T00:33:05+00:00","article_modified_time":"2022-05-31T10:39:24+00:00","og_image":[{"url":"http:\/\/itchapters.com\/wp-content\/uploads\/2020\/11\/logo-1024x724.png"}],"twitter_card":"summary_large_image","twitter_misc":{"Written by":"tempadmin2","Est. reading time":"4 minutes"},"schema":{"@context":"https:\/\/schema.org","@graph":[{"@type":"WebSite","@id":"http:\/\/itchapters.com\/france\/#website","url":"http:\/\/itchapters.com\/france\/","name":"Itchapter - France","description":"Just another IT CHAPTER Sites site","potentialAction":[{"@type":"SearchAction","target":{"@type":"EntryPoint","urlTemplate":"http:\/\/itchapters.com\/france\/?s={search_term_string}"},"query-input":"required name=search_term_string"}],"inLanguage":"en-US"},{"@type":"ImageObject","@id":"http:\/\/itchapters.com\/france\/?p=5124#primaryimage","inLanguage":"en-US","url":"http:\/\/itchapters.com\/france\/wp-content\/uploads\/sites\/5\/2022\/05\/Blog-Images-ITIL.png","contentUrl":"http:\/\/itchapters.com\/france\/wp-content\/uploads\/sites\/5\/2022\/05\/Blog-Images-ITIL.png","width":1080,"height":1080},{"@type":"WebPage","@id":"http:\/\/itchapters.com\/france\/?p=5124#webpage","url":"http:\/\/itchapters.com\/france\/?p=5124","name":"Le temps presse, les derniers d\u00e9tails sur l\u2019arr\u00eat officiel d'ITIL\u00ae V3 - Itchapter - France","isPartOf":{"@id":"http:\/\/itchapters.com\/france\/#website"},"primaryImageOfPage":{"@id":"http:\/\/itchapters.com\/france\/?p=5124#primaryimage"},"datePublished":"2021-04-26T00:33:05+00:00","dateModified":"2022-05-31T10:39:24+00:00","author":{"@id":"http:\/\/itchapters.com\/france\/#\/schema\/person\/99e7b6bd9207d7adce3353d2f5e02109"},"breadcrumb":{"@id":"http:\/\/itchapters.com\/france\/?p=5124#breadcrumb"},"inLanguage":"en-US","potentialAction":[{"@type":"ReadAction","target":["http:\/\/itchapters.com\/france\/?p=5124"]}]},{"@type":"BreadcrumbList","@id":"http:\/\/itchapters.com\/france\/?p=5124#breadcrumb","itemListElement":[{"@type":"ListItem","position":1,"name":"Home","item":"http:\/\/itchapters.com\/france\/"},{"@type":"ListItem","position":2,"name":"Le temps presse, les derniers d\u00e9tails sur l\u2019arr\u00eat officiel d&#8217;ITIL\u00ae V3"}]},{"@type":"Person","@id":"http:\/\/itchapters.com\/france\/#\/schema\/person\/99e7b6bd9207d7adce3353d2f5e02109","name":"tempadmin2","image":{"@type":"ImageObject","@id":"http:\/\/itchapters.com\/france\/#personlogo","inLanguage":"en-US","url":"http:\/\/1.gravatar.com\/avatar\/ddcfe077a189818529897f3682c4c1a1?s=96&d=mm&r=g","contentUrl":"http:\/\/1.gravatar.com\/avatar\/ddcfe077a189818529897f3682c4c1a1?s=96&d=mm&r=g","caption":"tempadmin2"},"url":"http:\/\/itchapters.com\/france\/author\/tempadmin2\/"}]}},"_links":{"self":[{"href":"http:\/\/itchapters.com\/france\/wp-json\/wp\/v2\/posts\/5124"}],"collection":[{"href":"http:\/\/itchapters.com\/france\/wp-json\/wp\/v2\/posts"}],"about":[{"href":"http:\/\/itchapters.com\/france\/wp-json\/wp\/v2\/types\/post"}],"author":[{"embeddable":true,"href":"http:\/\/itchapters.com\/france\/wp-json\/wp\/v2\/users\/9"}],"replies":[{"embeddable":true,"href":"http:\/\/itchapters.com\/france\/wp-json\/wp\/v2\/comments?post=5124"}],"version-history":[{"count":1,"href":"http:\/\/itchapters.com\/france\/wp-json\/wp\/v2\/posts\/5124\/revisions"}],"predecessor-version":[{"id":5142,"href":"http:\/\/itchapters.com\/france\/wp-json\/wp\/v2\/posts\/5124\/revisions\/5142"}],"wp:featuredmedia":[{"embeddable":true,"href":"http:\/\/itchapters.com\/france\/wp-json\/wp\/v2\/media\/5160"}],"wp:attachment":[{"href":"http:\/\/itchapters.com\/france\/wp-json\/wp\/v2\/media?parent=5124"}],"wp:term":[{"taxonomy":"category","embeddable":true,"href":"http:\/\/itchapters.com\/france\/wp-json\/wp\/v2\/categories?post=5124"},{"taxonomy":"post_tag","embeddable":true,"href":"http:\/\/itchapters.com\/france\/wp-json\/wp\/v2\/tags?post=5124"}],"curies":[{"name":"wp","href":"https:\/\/api.w.org\/{rel}","templated":true}]}}